{"id":7490,"date":"2026-04-30T13:02:29","date_gmt":"2026-04-30T13:02:29","guid":{"rendered":"https:\/\/www.cooprecht.ch\/?p=7490"},"modified":"2026-04-30T13:02:47","modified_gmt":"2026-04-30T13:02:47","slug":"wechsel-in-der-geschaeftsleitung","status":"publish","type":"post","link":"https:\/\/www.cooprecht.ch\/de\/blog\/wechsel-in-der-geschaeftsleitung\/","title":{"rendered":"Wechsel in der Gesch\u00e4ftsleitung: Thomas Geitlinger \u00fcbergibt per 1. Mai 2026 an Michael Kohler"},"content":{"rendered":"<p style=\"font-weight: 400;\">Thomas Geitlinger hat die Coop Rechtsschutz AG seit seinem Eintritt im Jahr 1983 entscheidend gepr\u00e4gt. In seiner \u00fcber 40-j\u00e4hrigen Laufbahn gestaltete er den Wandel des Unternehmens von einem kleinen Betrieb zu einem der f\u00fchrenden, modernen Rechtsdienstleister der Schweiz massgeblich mit. Sein Engagement, seine Expertise im Versicherungsmarkt und seine weitsichtige F\u00fchrungsarbeit waren tragende S\u00e4ulen des langj\u00e4hrigen Erfolgs. CEO Michael Romer w\u00fcrdigt die ausserordentlichen Verdienste seines Kollegen: \u00abThomas Geitlinger hat das Unternehmen mit Leidenschaft und Mut zur Innovation \u00fcber Jahrzehnte erfolgreich mitgestaltet. Seine engagierte und wertsch\u00e4tzende Art pr\u00e4gte unsere Kultur nachhaltig. Wir danken ihm herzlich f\u00fcr sein grosses Wirken und w\u00fcnschen ihm f\u00fcr seinen wohlverdienten Ruhestand alles Gute, beste Gesundheit und viel Freude.\u00bb<\/p>\n<p style=\"font-weight: 400;\"><strong>Kontinuit\u00e4t und neue Impulse durch ausgewiesenen Experten<\/strong><\/p>\n<p style=\"font-weight: 400;\">Mit Michael Kohler gewinnt die Coop Rechtsschutz AG einen versierten Branchenexperten, um die strategisch wichtige Position des Leiters Kunden- und Produktmanagement neu zu besetzen. Als diplomierter Wirtschaftsingenieur mit einem Executive Master in Law &amp; Management (HSG) verf\u00fcgt er \u00fcber mehr als 13 Jahre F\u00fchrungserfahrung in der Versicherungs- und Rechtsschutzbranche, unter anderem bei der AXA-ARAG und zuletzt als CEO der Procare Vorsorge AG. Dank seiner Expertise in den Bereichen F\u00fchrung, Vertrieb und Produktentwicklung bringt er ideale Voraussetzungen mit, um die Marktposition der Coop Rechtsschutz AG weiter zu st\u00e4rken. \u00abIch freue mich sehr darauf, gemeinsam mit dem Team neue Impulse zu setzen. Wir werden die Erfolgsgeschichte der Coop Rechtsschutz mit attraktiven L\u00f6sungen f\u00fcr bestehende und neue Partner, gezielter Mitarbeitendenentwicklung und einem nachhaltigen Wachstum fortschreiben\u00bb, so Michael Kohler zu seiner neuen Aufgabe.<\/p>\n<p style=\"font-weight: 400;\"><strong>Ausblick: Fokus auf Wachstum und Kundenorientierung<\/strong><\/p>\n<p style=\"font-weight: 400;\">Die \u00dcbergabe wurde bereits per Anfang M\u00e4rz initialisiert, um einen reibungslosen \u00dcbergang sicherzustellen. Mit der \u00dcbernahme der vollen Bereichsverantwortung am 1. Mai 2026 wird Michael Kohler zusammen mit seinen Kolleginnen und Kollegen der Gesch\u00e4ftsleitung die strategische Ausrichtung des Unternehmens weiterentwickeln: Der Fokus liegt auf dem Ausbau der f\u00fchrenden Marktrolle durch innovative Dienstleistungen und eine konsequente Kundenorientierung.<\/p>\n<p style=\"font-weight: 400;\"><strong>\u00dcber die Coop Rechtsschutz AG\u00a0<\/strong><\/p>\n<p>Die Coop Rechtsschutz AG ist eine unabh\u00e4ngige Rechtsschutzversicherung mit Hauptsitz in Aarau und Gesch\u00e4ftsstellen in Lausanne und Bellinzona. Sie geh\u00f6rt zu den f\u00fchrenden Schweizer Anbietern von Rechtsschutzversicherungen und bietet L\u00f6sungen f\u00fcr Privatpersonen, Organisationen, Gewerkschaften und Unternehmen.<\/p>\n<p><strong>Kontakt<\/strong><\/p>\n<p style=\"font-weight: 400;\">Petra Huser, Leitung Kommunikation, T. +41 62 836 00 40 | <a href=\"mailto:petra.huser@cooprecht.ch\">petra.huser@cooprecht.ch<\/a><\/p>\n","protected":false},"excerpt":{"rendered":"<p>Thomas Geitlinger hat die Coop Rechtsschutz AG seit seinem Eintritt im Jahr 1983 entscheidend gepr\u00e4gt. In seiner \u00fcber 40-j\u00e4hrigen Laufbahn gestaltete er den Wandel des Unternehmens von einem kleinen Betrieb zu einem der f\u00fchrenden, modernen Rechtsdienstleister der Schweiz massgeblich mit. Sein Engagement, seine Expertise im Versicherungsmarkt und seine weitsichtige F\u00fchrungsarbeit waren tragende S\u00e4ulen des langj\u00e4hrigen [&hellip;]<\/p>\n","protected":false},"author":350,"featured_media":7492,"comment_status":"closed","ping_status":"closed","sticky":false,"template":"","format":"standard","meta":{"_acf_changed":false,"inline_featured_image":false,"footnotes":""},"categories":[36],"tags":[],"class_list":["post-7490","post","type-post","status-publish","format-standard","has-post-thumbnail","hentry","category-medienmitteilungen"],"acf":{"gelben_button_anzeigen":false,"gelber_button_beschriftung":"","gelber_button_link":"","weitere_inhalte_mit_grauem_kasten_anzeigen":false,"weiterlesen_uberschrift":"","grauer_kasten_uberschrift":"","grauer_kasten_text":"","grauer_kasten_link_beschriftung":"","grauer_kasten_link_url":"","grauer_kasten_bild":null},"yoast_head":"<!-- This site is optimized with the Yoast SEO plugin v27.5 - https:\/\/yoast.com\/product\/yoast-seo-wordpress\/ -->\n<title>Wechsel in der Gesch\u00e4ftsleitung<\/title>\n<meta name=\"description\" content=\"Thomas Geitlinger \u00fcbergibt per 1. Mai 2026 an Michael Kohler\" \/>\n<meta name=\"robots\" content=\"index, follow, max-snippet:-1, max-image-preview:large, max-video-preview:-1\" \/>\n<link rel=\"canonical\" href=\"https:\/\/www.cooprecht.ch\/de\/blog\/wechsel-in-der-geschaeftsleitung\/\" \/>\n<meta property=\"og:locale\" content=\"de_DE\" \/>\n<meta property=\"og:type\" content=\"article\" \/>\n<meta property=\"og:title\" content=\"Wechsel in der Gesch\u00e4ftsleitung\" \/>\n<meta property=\"og:description\" content=\"Thomas Geitlinger \u00fcbergibt per 1. Mai 2026 an Michael Kohler\" \/>\n<meta property=\"og:url\" content=\"https:\/\/www.cooprecht.ch\/de\/blog\/wechsel-in-der-geschaeftsleitung\/\" \/>\n<meta property=\"og:site_name\" content=\"Coop Rechtsschutz AG\" \/>\n<meta property=\"article:published_time\" content=\"2026-04-30T13:02:29+00:00\" \/>\n<meta property=\"article:modified_time\" content=\"2026-04-30T13:02:47+00:00\" \/>\n<meta property=\"og:image\" content=\"https:\/\/www.cooprecht.ch\/wp-content\/uploads\/2026\/04\/gv_cooprechtsschutz-3.webp\" \/>\n\t<meta property=\"og:image:width\" content=\"1392\" \/>\n\t<meta property=\"og:image:height\" content=\"796\" \/>\n\t<meta property=\"og:image:type\" content=\"image\/webp\" \/>\n<meta name=\"author\" content=\"Selina Scheewe\" \/>\n<meta name=\"twitter:card\" content=\"summary_large_image\" \/>\n<meta name=\"twitter:label1\" content=\"Verfasst von\" \/>\n\t<meta name=\"twitter:data1\" content=\"Selina Scheewe\" \/>\n\t<meta name=\"twitter:label2\" content=\"Gesch\u00e4tzte Lesezeit\" \/>\n\t<meta name=\"twitter:data2\" content=\"3\u00a0Minuten\" \/>\n<script type=\"application\/ld+json\" class=\"yoast-schema-graph\">{\"@context\":\"https:\\\/\\\/schema.org\",\"@graph\":[{\"@type\":\"Article\",\"@id\":\"https:\\\/\\\/www.cooprecht.ch\\\/de\\\/blog\\\/wechsel-in-der-geschaeftsleitung\\\/#article\",\"isPartOf\":{\"@id\":\"https:\\\/\\\/www.cooprecht.ch\\\/de\\\/blog\\\/wechsel-in-der-geschaeftsleitung\\\/\"},\"author\":{\"name\":\"Selina Scheewe\",\"@id\":\"https:\\\/\\\/www.cooprecht.ch\\\/de\\\/#\\\/schema\\\/person\\\/8901c9f37dcfc9ed01afc81b4d19e336\"},\"headline\":\"Wechsel in der Gesch\u00e4ftsleitung: Thomas Geitlinger \u00fcbergibt per 1. Mai 2026 an Michael Kohler\",\"datePublished\":\"2026-04-30T13:02:29+00:00\",\"dateModified\":\"2026-04-30T13:02:47+00:00\",\"mainEntityOfPage\":{\"@id\":\"https:\\\/\\\/www.cooprecht.ch\\\/de\\\/blog\\\/wechsel-in-der-geschaeftsleitung\\\/\"},\"wordCount\":397,\"publisher\":{\"@id\":\"https:\\\/\\\/www.cooprecht.ch\\\/de\\\/#organization\"},\"image\":{\"@id\":\"https:\\\/\\\/www.cooprecht.ch\\\/de\\\/blog\\\/wechsel-in-der-geschaeftsleitung\\\/#primaryimage\"},\"thumbnailUrl\":\"https:\\\/\\\/www.cooprecht.ch\\\/wp-content\\\/uploads\\\/2026\\\/04\\\/gv_cooprechtsschutz-3.webp\",\"articleSection\":[\"Medienmitteilungen\"],\"inLanguage\":\"de\"},{\"@type\":\"WebPage\",\"@id\":\"https:\\\/\\\/www.cooprecht.ch\\\/de\\\/blog\\\/wechsel-in-der-geschaeftsleitung\\\/\",\"url\":\"https:\\\/\\\/www.cooprecht.ch\\\/de\\\/blog\\\/wechsel-in-der-geschaeftsleitung\\\/\",\"name\":\"Wechsel in der Gesch\u00e4ftsleitung\",\"isPartOf\":{\"@id\":\"https:\\\/\\\/www.cooprecht.ch\\\/de\\\/#website\"},\"primaryImageOfPage\":{\"@id\":\"https:\\\/\\\/www.cooprecht.ch\\\/de\\\/blog\\\/wechsel-in-der-geschaeftsleitung\\\/#primaryimage\"},\"image\":{\"@id\":\"https:\\\/\\\/www.cooprecht.ch\\\/de\\\/blog\\\/wechsel-in-der-geschaeftsleitung\\\/#primaryimage\"},\"thumbnailUrl\":\"https:\\\/\\\/www.cooprecht.ch\\\/wp-content\\\/uploads\\\/2026\\\/04\\\/gv_cooprechtsschutz-3.webp\",\"datePublished\":\"2026-04-30T13:02:29+00:00\",\"dateModified\":\"2026-04-30T13:02:47+00:00\",\"description\":\"Thomas Geitlinger \u00fcbergibt per 1. Mai 2026 an Michael Kohler\",\"breadcrumb\":{\"@id\":\"https:\\\/\\\/www.cooprecht.ch\\\/de\\\/blog\\\/wechsel-in-der-geschaeftsleitung\\\/#breadcrumb\"},\"inLanguage\":\"de\",\"potentialAction\":[{\"@type\":\"ReadAction\",\"target\":[\"https:\\\/\\\/www.cooprecht.ch\\\/de\\\/blog\\\/wechsel-in-der-geschaeftsleitung\\\/\"]}]},{\"@type\":\"ImageObject\",\"inLanguage\":\"de\",\"@id\":\"https:\\\/\\\/www.cooprecht.ch\\\/de\\\/blog\\\/wechsel-in-der-geschaeftsleitung\\\/#primaryimage\",\"url\":\"https:\\\/\\\/www.cooprecht.ch\\\/wp-content\\\/uploads\\\/2026\\\/04\\\/gv_cooprechtsschutz-3.webp\",\"contentUrl\":\"https:\\\/\\\/www.cooprecht.ch\\\/wp-content\\\/uploads\\\/2026\\\/04\\\/gv_cooprechtsschutz-3.webp\",\"width\":1392,\"height\":796,\"caption\":\"Abbildung 1: Thomas Geitlinger (rechts) \u00fcbergibt nach \u00fcber 40 Jahren an seinen Nachfolger Michael Kohler (links).\"},{\"@type\":\"BreadcrumbList\",\"@id\":\"https:\\\/\\\/www.cooprecht.ch\\\/de\\\/blog\\\/wechsel-in-der-geschaeftsleitung\\\/#breadcrumb\",\"itemListElement\":[{\"@type\":\"ListItem\",\"position\":1,\"name\":\"Start\",\"item\":\"https:\\\/\\\/www.cooprecht.ch\\\/de\\\/\"},{\"@type\":\"ListItem\",\"position\":2,\"name\":\"Wechsel in der Gesch\u00e4ftsleitung: Thomas Geitlinger \u00fcbergibt per 1. Mai 2026 an Michael Kohler\"}]},{\"@type\":\"WebSite\",\"@id\":\"https:\\\/\\\/www.cooprecht.ch\\\/de\\\/#website\",\"url\":\"https:\\\/\\\/www.cooprecht.ch\\\/de\\\/\",\"name\":\"Coop Rechtsschutz AG\",\"description\":\"\",\"publisher\":{\"@id\":\"https:\\\/\\\/www.cooprecht.ch\\\/de\\\/#organization\"},\"potentialAction\":[{\"@type\":\"SearchAction\",\"target\":{\"@type\":\"EntryPoint\",\"urlTemplate\":\"https:\\\/\\\/www.cooprecht.ch\\\/de\\\/?s={search_term_string}\"},\"query-input\":{\"@type\":\"PropertyValueSpecification\",\"valueRequired\":true,\"valueName\":\"search_term_string\"}}],\"inLanguage\":\"de\"},{\"@type\":\"Organization\",\"@id\":\"https:\\\/\\\/www.cooprecht.ch\\\/de\\\/#organization\",\"name\":\"Coop Rechtsschutz AG\",\"url\":\"https:\\\/\\\/www.cooprecht.ch\\\/de\\\/\",\"logo\":{\"@type\":\"ImageObject\",\"inLanguage\":\"de\",\"@id\":\"https:\\\/\\\/www.cooprecht.ch\\\/de\\\/#\\\/schema\\\/logo\\\/image\\\/\",\"url\":\"https:\\\/\\\/www.cooprecht.ch\\\/wp-content\\\/uploads\\\/2026\\\/03\\\/logo_cooprecht.webp\",\"contentUrl\":\"https:\\\/\\\/www.cooprecht.ch\\\/wp-content\\\/uploads\\\/2026\\\/03\\\/logo_cooprecht.webp\",\"width\":252,\"height\":24,\"caption\":\"Coop Rechtsschutz AG\"},\"image\":{\"@id\":\"https:\\\/\\\/www.cooprecht.ch\\\/de\\\/#\\\/schema\\\/logo\\\/image\\\/\"}},{\"@type\":\"Person\",\"@id\":\"https:\\\/\\\/www.cooprecht.ch\\\/de\\\/#\\\/schema\\\/person\\\/8901c9f37dcfc9ed01afc81b4d19e336\",\"name\":\"Selina Scheewe\",\"image\":{\"@type\":\"ImageObject\",\"inLanguage\":\"de\",\"@id\":\"https:\\\/\\\/secure.gravatar.com\\\/avatar\\\/692629b39aa6265326ba570bf15a6de16df2ea0e56a5d8cdc55b8cdbf32f1935?s=96&d=mm&r=g\",\"url\":\"https:\\\/\\\/secure.gravatar.com\\\/avatar\\\/692629b39aa6265326ba570bf15a6de16df2ea0e56a5d8cdc55b8cdbf32f1935?s=96&d=mm&r=g\",\"contentUrl\":\"https:\\\/\\\/secure.gravatar.com\\\/avatar\\\/692629b39aa6265326ba570bf15a6de16df2ea0e56a5d8cdc55b8cdbf32f1935?s=96&d=mm&r=g\",\"caption\":\"Selina Scheewe\"}}]}<\/script>\n<!-- \/ Yoast SEO plugin. -->","yoast_head_json":{"title":"Wechsel in der Gesch\u00e4ftsleitung","description":"Thomas Geitlinger \u00fcbergibt per 1. Mai 2026 an Michael Kohler","robots":{"index":"index","follow":"follow","max-snippet":"max-snippet:-1","max-image-preview":"max-image-preview:large","max-video-preview":"max-video-preview:-1"},"canonical":"https:\/\/www.cooprecht.ch\/de\/blog\/wechsel-in-der-geschaeftsleitung\/","og_locale":"de_DE","og_type":"article","og_title":"Wechsel in der Gesch\u00e4ftsleitung","og_description":"Thomas Geitlinger \u00fcbergibt per 1. Mai 2026 an Michael Kohler","og_url":"https:\/\/www.cooprecht.ch\/de\/blog\/wechsel-in-der-geschaeftsleitung\/","og_site_name":"Coop Rechtsschutz AG","article_published_time":"2026-04-30T13:02:29+00:00","article_modified_time":"2026-04-30T13:02:47+00:00","og_image":[{"width":1392,"height":796,"url":"https:\/\/www.cooprecht.ch\/wp-content\/uploads\/2026\/04\/gv_cooprechtsschutz-3.webp","type":"image\/webp"}],"author":"Selina Scheewe","twitter_card":"summary_large_image","twitter_misc":{"Verfasst von":"Selina Scheewe","Gesch\u00e4tzte Lesezeit":"3\u00a0Minuten"},"schema":{"@context":"https:\/\/schema.org","@graph":[{"@type":"Article","@id":"https:\/\/www.cooprecht.ch\/de\/blog\/wechsel-in-der-geschaeftsleitung\/#article","isPartOf":{"@id":"https:\/\/www.cooprecht.ch\/de\/blog\/wechsel-in-der-geschaeftsleitung\/"},"author":{"name":"Selina Scheewe","@id":"https:\/\/www.cooprecht.ch\/de\/#\/schema\/person\/8901c9f37dcfc9ed01afc81b4d19e336"},"headline":"Wechsel in der Gesch\u00e4ftsleitung: Thomas Geitlinger \u00fcbergibt per 1. Mai 2026 an Michael Kohler","datePublished":"2026-04-30T13:02:29+00:00","dateModified":"2026-04-30T13:02:47+00:00","mainEntityOfPage":{"@id":"https:\/\/www.cooprecht.ch\/de\/blog\/wechsel-in-der-geschaeftsleitung\/"},"wordCount":397,"publisher":{"@id":"https:\/\/www.cooprecht.ch\/de\/#organization"},"image":{"@id":"https:\/\/www.cooprecht.ch\/de\/blog\/wechsel-in-der-geschaeftsleitung\/#primaryimage"},"thumbnailUrl":"https:\/\/www.cooprecht.ch\/wp-content\/uploads\/2026\/04\/gv_cooprechtsschutz-3.webp","articleSection":["Medienmitteilungen"],"inLanguage":"de"},{"@type":"WebPage","@id":"https:\/\/www.cooprecht.ch\/de\/blog\/wechsel-in-der-geschaeftsleitung\/","url":"https:\/\/www.cooprecht.ch\/de\/blog\/wechsel-in-der-geschaeftsleitung\/","name":"Wechsel in der Gesch\u00e4ftsleitung","isPartOf":{"@id":"https:\/\/www.cooprecht.ch\/de\/#website"},"primaryImageOfPage":{"@id":"https:\/\/www.cooprecht.ch\/de\/blog\/wechsel-in-der-geschaeftsleitung\/#primaryimage"},"image":{"@id":"https:\/\/www.cooprecht.ch\/de\/blog\/wechsel-in-der-geschaeftsleitung\/#primaryimage"},"thumbnailUrl":"https:\/\/www.cooprecht.ch\/wp-content\/uploads\/2026\/04\/gv_cooprechtsschutz-3.webp","datePublished":"2026-04-30T13:02:29+00:00","dateModified":"2026-04-30T13:02:47+00:00","description":"Thomas Geitlinger \u00fcbergibt per 1. Mai 2026 an Michael Kohler","breadcrumb":{"@id":"https:\/\/www.cooprecht.ch\/de\/blog\/wechsel-in-der-geschaeftsleitung\/#breadcrumb"},"inLanguage":"de","potentialAction":[{"@type":"ReadAction","target":["https:\/\/www.cooprecht.ch\/de\/blog\/wechsel-in-der-geschaeftsleitung\/"]}]},{"@type":"ImageObject","inLanguage":"de","@id":"https:\/\/www.cooprecht.ch\/de\/blog\/wechsel-in-der-geschaeftsleitung\/#primaryimage","url":"https:\/\/www.cooprecht.ch\/wp-content\/uploads\/2026\/04\/gv_cooprechtsschutz-3.webp","contentUrl":"https:\/\/www.cooprecht.ch\/wp-content\/uploads\/2026\/04\/gv_cooprechtsschutz-3.webp","width":1392,"height":796,"caption":"Abbildung 1: Thomas Geitlinger (rechts) \u00fcbergibt nach \u00fcber 40 Jahren an seinen Nachfolger Michael Kohler (links)."},{"@type":"BreadcrumbList","@id":"https:\/\/www.cooprecht.ch\/de\/blog\/wechsel-in-der-geschaeftsleitung\/#breadcrumb","itemListElement":[{"@type":"ListItem","position":1,"name":"Start","item":"https:\/\/www.cooprecht.ch\/de\/"},{"@type":"ListItem","position":2,"name":"Wechsel in der Gesch\u00e4ftsleitung: Thomas Geitlinger \u00fcbergibt per 1. Mai 2026 an Michael Kohler"}]},{"@type":"WebSite","@id":"https:\/\/www.cooprecht.ch\/de\/#website","url":"https:\/\/www.cooprecht.ch\/de\/","name":"Coop Rechtsschutz AG","description":"","publisher":{"@id":"https:\/\/www.cooprecht.ch\/de\/#organization"},"potentialAction":[{"@type":"SearchAction","target":{"@type":"EntryPoint","urlTemplate":"https:\/\/www.cooprecht.ch\/de\/?s={search_term_string}"},"query-input":{"@type":"PropertyValueSpecification","valueRequired":true,"valueName":"search_term_string"}}],"inLanguage":"de"},{"@type":"Organization","@id":"https:\/\/www.cooprecht.ch\/de\/#organization","name":"Coop Rechtsschutz AG","url":"https:\/\/www.cooprecht.ch\/de\/","logo":{"@type":"ImageObject","inLanguage":"de","@id":"https:\/\/www.cooprecht.ch\/de\/#\/schema\/logo\/image\/","url":"https:\/\/www.cooprecht.ch\/wp-content\/uploads\/2026\/03\/logo_cooprecht.webp","contentUrl":"https:\/\/www.cooprecht.ch\/wp-content\/uploads\/2026\/03\/logo_cooprecht.webp","width":252,"height":24,"caption":"Coop Rechtsschutz AG"},"image":{"@id":"https:\/\/www.cooprecht.ch\/de\/#\/schema\/logo\/image\/"}},{"@type":"Person","@id":"https:\/\/www.cooprecht.ch\/de\/#\/schema\/person\/8901c9f37dcfc9ed01afc81b4d19e336","name":"Selina Scheewe","image":{"@type":"ImageObject","inLanguage":"de","@id":"https:\/\/secure.gravatar.com\/avatar\/692629b39aa6265326ba570bf15a6de16df2ea0e56a5d8cdc55b8cdbf32f1935?s=96&d=mm&r=g","url":"https:\/\/secure.gravatar.com\/avatar\/692629b39aa6265326ba570bf15a6de16df2ea0e56a5d8cdc55b8cdbf32f1935?s=96&d=mm&r=g","contentUrl":"https:\/\/secure.gravatar.com\/avatar\/692629b39aa6265326ba570bf15a6de16df2ea0e56a5d8cdc55b8cdbf32f1935?s=96&d=mm&r=g","caption":"Selina Scheewe"}}]}},"_links":{"self":[{"href":"https:\/\/www.cooprecht.ch\/de\/wp-json\/wp\/v2\/posts\/7490","targetHints":{"allow":["GET"]}}],"collection":[{"href":"https:\/\/www.cooprecht.ch\/de\/wp-json\/wp\/v2\/posts"}],"about":[{"href":"https:\/\/www.cooprecht.ch\/de\/wp-json\/wp\/v2\/types\/post"}],"author":[{"embeddable":true,"href":"https:\/\/www.cooprecht.ch\/de\/wp-json\/wp\/v2\/users\/350"}],"replies":[{"embeddable":true,"href":"https:\/\/www.cooprecht.ch\/de\/wp-json\/wp\/v2\/comments?post=7490"}],"version-history":[{"count":5,"href":"https:\/\/www.cooprecht.ch\/de\/wp-json\/wp\/v2\/posts\/7490\/revisions"}],"predecessor-version":[{"id":7496,"href":"https:\/\/www.cooprecht.ch\/de\/wp-json\/wp\/v2\/posts\/7490\/revisions\/7496"}],"wp:featuredmedia":[{"embeddable":true,"href":"https:\/\/www.cooprecht.ch\/de\/wp-json\/wp\/v2\/media\/7492"}],"wp:attachment":[{"href":"https:\/\/www.cooprecht.ch\/de\/wp-json\/wp\/v2\/media?parent=7490"}],"wp:term":[{"taxonomy":"category","embeddable":true,"href":"https:\/\/www.cooprecht.ch\/de\/wp-json\/wp\/v2\/categories?post=7490"},{"taxonomy":"post_tag","embeddable":true,"href":"https:\/\/www.cooprecht.ch\/de\/wp-json\/wp\/v2\/tags?post=7490"}],"curies":[{"name":"wp","href":"https:\/\/api.w.org\/{rel}","templated":true}]}}